{"id":3030,"date":"2023-02-28T08:00:52","date_gmt":"2023-02-28T07:00:52","guid":{"rendered":"https:\/\/sindikat-novinarjev.si\/?p=3030"},"modified":"2023-02-27T16:37:06","modified_gmt":"2023-02-27T15:37:06","slug":"podnebni-strajk-2023","status":"publish","type":"post","link":"https:\/\/sindikat-novinarjev.si\/en\/podnebni-strajk-2023\/","title":{"rendered":"Podnebni \u0161trajk 2023!"},"content":{"rendered":"<p>Mladi za podnebno pravi\u010dnost tudi letos organizirajo podnebni protest, saj se kljub svetovnim alarmantnim dogodkom podnebne krize niti ne naslavlja niti ne re\u0161uje z ustrezno resnostjo. Podnebna kriza je boj, ki presega le okoljevarstveno sfero, zato so za leto\u0161njega izbrali slogan: \u201cObljube razne, \u0161e vedno prazne!\u201d<\/p>\n<p>S svojimi zahtevami naslavljajo tudi stanovanjsko in socialno problematiko, delavski in sindikalni boj, podro\u010dja kmetijstva, prehrane ter prometa. Z leto\u0161njim protestom \u017eelijo poudariti \u0161irino boja, so\u010dasno s tem pa tudi pomen povezovanja z drugimi skupinami, organizacijami, kolektivi in sindikati, ki se skupaj z njimi vsakodnevno borimo za pravi\u010dnej\u0161e pogoje dela, za mo\u017enost zdravega \u017eivljenja, za socialno in ekonomsko varnost \u2014 vse na\u0161teto, kot pravijo, Mladi za podnebno pravi\u010dnost zajamejo pod pojmom podnebne pravi\u010dnosti.<\/p>\n<p>Zato smo vabljeni, da se jim <a href=\"https:\/\/www.facebook.com\/events\/1335931963916873\/\">v petek, 3. marca, ob 13.05<\/a> pridru\u017eimo na ulicah v Ljubljani in Mariboru.<\/p>","protected":false},"excerpt":{"rendered":"<p>Mladi za podnebno pravi\u010dnost tudi letos organizirajo podnebni protest, saj se kljub svetovnim alarmantnim dogodkom podnebne krize niti ne naslavlja niti ne re\u0161uje z ustrezno resnostjo. Podnebna kriza je boj, ki presega le okoljevarstveno sfero, zato so za leto\u0161njega izbrali slogan: \u201cObljube razne, \u0161e vedno prazne!\u201d S svojimi zahtevami naslavljajo tudi stanovanjsko in socialno problematiko, delavski in sindikalni boj, podro\u010dja kmetijstva, prehrane ter prometa. Z leto\u0161njim protestom \u017eelijo poudariti \u0161irino boja, so\u010dasno s tem pa tudi pomen povezovanja z drugimi skupinami, organizacijami, kolektivi in sindikati, ki se skupaj z njimi vsakodnevno borimo za pravi\u010dnej\u0161e pogoje dela, za mo\u017enost zdravega \u017eivljenja, za socialno in ekonomsko varnost \u2014 vse na\u0161teto, kot pravijo, Mladi za podnebno pravi\u010dnost zajamejo pod pojmom podnebne pravi\u010dnosti. Zato smo vabljeni, da se jim v petek, 3. marca, ob 13.05 pridru\u017eimo na ulicah v Ljubljani in Mariboru.<\/p>","protected":false},"author":7,"featured_media":0,"comment_status":"closed","ping_status":"open","sticky":false,"template":"","format":"standard","meta":{"_jetpack_memberships_contains_paid_content":false,"footnotes":"","_links_to":"","_links_to_target":""},"categories":[1],"tags":[],"class_list":["post-3030","post","type-post","status-publish","format-standard","hentry","category-novice"],"jetpack_sharing_enabled":true,"jetpack_featured_media_url":"","post_mailing_queue_ids":[],"_links":{"self":[{"href":"https:\/\/sindikat-novinarjev.si\/en\/wp-json\/wp\/v2\/posts\/3030","targetHints":{"allow":["GET"]}}],"collection":[{"href":"https:\/\/sindikat-novinarjev.si\/en\/wp-json\/wp\/v2\/posts"}],"about":[{"href":"https:\/\/sindikat-novinarjev.si\/en\/wp-json\/wp\/v2\/types\/post"}],"author":[{"embeddable":true,"href":"https:\/\/sindikat-novinarjev.si\/en\/wp-json\/wp\/v2\/users\/7"}],"replies":[{"embeddable":true,"href":"https:\/\/sindikat-novinarjev.si\/en\/wp-json\/wp\/v2\/comments?post=3030"}],"version-history":[{"count":1,"href":"https:\/\/sindikat-novinarjev.si\/en\/wp-json\/wp\/v2\/posts\/3030\/revisions"}],"predecessor-version":[{"id":3031,"href":"https:\/\/sindikat-novinarjev.si\/en\/wp-json\/wp\/v2\/posts\/3030\/revisions\/3031"}],"wp:attachment":[{"href":"https:\/\/sindikat-novinarjev.si\/en\/wp-json\/wp\/v2\/media?parent=3030"}],"wp:term":[{"taxonomy":"category","embeddable":true,"href":"https:\/\/sindikat-novinarjev.si\/en\/wp-json\/wp\/v2\/categories?post=3030"},{"taxonomy":"post_tag","embeddable":true,"href":"https:\/\/sindikat-novinarjev.si\/en\/wp-json\/wp\/v2\/tags?post=3030"}],"curies":[{"name":"wp","href":"https:\/\/api.w.org\/{rel}","templated":true}]}}