{"id":3036,"date":"2023-02-28T15:17:43","date_gmt":"2023-02-28T14:17:43","guid":{"rendered":"https:\/\/sindikat-novinarjev.si\/?p=3036"},"modified":"2023-02-28T15:17:43","modified_gmt":"2023-02-28T14:17:43","slug":"predstavniki-zaposlenih-v-svetu-rtvs-med-drugim-opozarjajo-na-pravno-zmedo","status":"publish","type":"post","link":"https:\/\/sindikat-novinarjev.si\/en\/predstavniki-zaposlenih-v-svetu-rtvs-med-drugim-opozarjajo-na-pravno-zmedo\/","title":{"rendered":"Predstavniki zaposlenih v svetu RTVS med drugim opozarjajo na pravno zmedo"},"content":{"rendered":"<p>Predstavniki zaposlenih v svetu RTV Slovenija zagotavljajo zaposlenim, da bodo do za\u010detka polnega opravljanja svojih mandatov pozorno bdeli nad dogajanjem v zavodu. Od dr\u017eave kot ustanoviteljice pri\u010dakujejo, da bo storila vse, kar je v njeni mo\u010di, da ustavi poglabljanje \u0161kode v zavodu in prepre\u010di nadaljnje sprejemanje spornih odlo\u010ditev.<\/p>\n<p>Ustanovitelja in javnost po poro\u010danju <a href=\"https:\/\/www.sta.si\/3144233\/predstavniki-zaposlenih-v-svetu-rtvs-proti-poglabljanju-skode-v-zavodu\"><em>STA<\/em> <\/a>opozarjajo na \u0161kodo, ki v zdaj\u0161njem pat polo\u017eaju po odlo\u010ditvi ustavnega sodi\u0161\u010da za za\u010dasno zadr\u017eanje izvr\u0161evanja dela novele zakona o Radioteleviziji Slovenija nastaja tudi zato, ker vr\u0161ilci dol\u017enosti v okviru teko\u010dih poslov sprejemajo sporne odlo\u010ditve.<\/p>\n<p>Predstavniki zaposlenih v svetu RTVS Gregor Drnov\u0161ek, Sa\u0161o Hribar, Bo\u0161tjan Ogris, Robert Pajek, Ilinka Todorovski in Luka Zebec izra\u017eajo zaskrbljenost nad pat polo\u017eajem in pravno zmedo, ki sta nastala po odlo\u010ditvi ustavnega sodi\u0161\u010da. Sodi\u0161\u010de je namre\u010d dopustilo konstituiranje sveta RTVS v skladu z novelo, potrjeno na novembrskem referendumu, pri \u010demer ni nedvoumno jasno, kaj to pomeni za dozdaj\u0161nja programski in nadzorni svet. Tako so Drnov\u0161ek, Hribar in Pajek zdaj hkrati \u010dlani dozdaj\u0161njega programskega sveta in novega sveta, Zebec pa je tako \u010dlan dozdaj\u0161njega nadzornega sveta kot novega sveta RTVS.<\/p>\n<p>Omenjeni \u0161tirje predstavniki zaposlenih so zdaj &#8220;v dvojni in povsem nasprotujo\u010di si vlogi&#8221;, so predstavniki zaposlenih izpostavili v izjavi. Tak\u0161no stanje vidijo kot \u0161kodljivo, saj onemogo\u010da sprejemanje nujnih ukrepov za stabilizacijo razmer v zavodu, ustavitev \u0161kode, ki nastaja z vsakim dnem neuveljavitve novele, in odpravljanje posledic dozdaj\u0161njih \u0161kodljivih odlo\u010ditev.<\/p>\n<p>Pri tem so spomnili, da se je v. d. generalnega direktorja Andrej Grah Whatmough s pomo\u010djo ve\u010dine v programskem svetu izognil razpravi o \u0161kodljivem in nezakonitem ravnanju, ki mu ga je o\u010ditalo 12 programskih svetnikov, med njimi vsi trije predstavniki zaposlenih. Po njihovih besedah je zadostoval argument &#8220;politi\u010dno motivirane ve\u010dine&#8221;, da se Grahu Whatmoughu ni treba zagovarjati za ravnanja v obdobju pred uveljavitvijo novele, ko je bil generalni direktor zavoda.<\/p>\n<p>Po sklepu programskega sveta na seji 23. januarja se postopek razre\u0161itve Graha Whatmougha, ki je od uveljavitve novele v. d. generalnega direktorja, medtem ko je bil v \u010dasu vlo\u017eene pobude za razre\u0161itev \u0161e generalni direktor, namre\u010d ustavi. Ve\u010dina \u010dlanov sveta je menila, da ga ni mogo\u010de razre\u0161iti z mesta generalnega direktorja, saj mu je mandat prenehal.<\/p>\n<p>Pobudniki za njegovo razre\u0161itev so mu med drugim o\u010ditali, da se je kot fizi\u010dna oseba prijavil za organizatorja v referendumski kampanji o noveli zakona in da je nezakonito razre\u0161il direktorico Televizije Slovenija Natalijo Gor\u0161\u010dak.<\/p>\n<p>Predstavniki zaposlenih v novem svetu RTVS poleg tega v izjavi izpostavljajo ravnanja vodstva zavoda, ki sicer lahko v skladu z novelo od 28. decembra opravlja le \u0161e teko\u010de posle, a je kljub temu denimo prirejalo podatke o gledanosti, s kreativnim ra\u010dunovodstvom prikrilo rde\u010de \u0161tevilke zavoda in se lotilo sklepanja petmilijonskega posla za nov na\u010din merjenja gledanosti.<\/p>","protected":false},"excerpt":{"rendered":"<p>Predstavniki zaposlenih v svetu RTV Slovenija zagotavljajo zaposlenim, da bodo do za\u010detka polnega opravljanja svojih mandatov pozorno bdeli nad dogajanjem v zavodu. Od dr\u017eave kot ustanoviteljice pri\u010dakujejo, da bo storila vse, kar je v njeni mo\u010di, da ustavi poglabljanje \u0161kode v zavodu in prepre\u010di nadaljnje sprejemanje spornih odlo\u010ditev. Ustanovitelja in javnost po poro\u010danju STA opozarjajo na \u0161kodo, ki v zdaj\u0161njem pat polo\u017eaju po odlo\u010ditvi ustavnega sodi\u0161\u010da za za\u010dasno zadr\u017eanje izvr\u0161evanja dela novele zakona o Radioteleviziji Slovenija nastaja tudi zato, ker vr\u0161ilci dol\u017enosti v okviru teko\u010dih poslov sprejemajo sporne odlo\u010ditve. Predstavniki zaposlenih v svetu RTVS Gregor Drnov\u0161ek, Sa\u0161o Hribar, Bo\u0161tjan Ogris, Robert Pajek, Ilinka Todorovski in Luka Zebec izra\u017eajo zaskrbljenost nad pat polo\u017eajem in pravno zmedo, ki sta nastala po odlo\u010ditvi ustavnega sodi\u0161\u010da. Sodi\u0161\u010de je namre\u010d dopustilo konstituiranje sveta RTVS v skladu z novelo, potrjeno na novembrskem referendumu, pri \u010demer ni nedvoumno jasno, kaj to pomeni za dozdaj\u0161nja programski in nadzorni svet. Tako so Drnov\u0161ek, Hribar in Pajek zdaj hkrati \u010dlani dozdaj\u0161njega programskega sveta in novega sveta, Zebec pa je tako \u010dlan dozdaj\u0161njega nadzornega sveta kot novega sveta RTVS. Omenjeni \u0161tirje predstavniki zaposlenih so zdaj &#8220;v dvojni in povsem nasprotujo\u010di si vlogi&#8221;, so predstavniki zaposlenih izpostavili v izjavi. Tak\u0161no stanje vidijo kot \u0161kodljivo, saj onemogo\u010da sprejemanje nujnih ukrepov za stabilizacijo razmer v zavodu, ustavitev \u0161kode, ki nastaja z vsakim dnem neuveljavitve novele, in odpravljanje posledic dozdaj\u0161njih \u0161kodljivih odlo\u010ditev. Pri tem so spomnili, da se je v. d. generalnega direktorja Andrej Grah Whatmough s pomo\u010djo ve\u010dine v programskem svetu izognil razpravi o \u0161kodljivem in nezakonitem ravnanju, ki mu ga je o\u010ditalo 12 programskih svetnikov, med njimi vsi trije predstavniki zaposlenih. Po njihovih besedah je zadostoval argument &#8220;politi\u010dno motivirane ve\u010dine&#8221;, da se Grahu Whatmoughu ni treba zagovarjati za ravnanja v obdobju pred uveljavitvijo novele, ko je bil generalni direktor zavoda. Po sklepu programskega sveta na seji 23. januarja se postopek razre\u0161itve Graha Whatmougha, ki je od uveljavitve novele v. d. generalnega direktorja, medtem ko je bil v \u010dasu vlo\u017eene pobude za razre\u0161itev \u0161e generalni direktor, namre\u010d ustavi. Ve\u010dina \u010dlanov sveta je menila, da ga ni mogo\u010de razre\u0161iti z mesta generalnega direktorja, saj mu je mandat prenehal. Pobudniki za njegovo razre\u0161itev so mu med drugim o\u010ditali, da se je kot fizi\u010dna oseba prijavil za organizatorja v referendumski kampanji o noveli zakona in da je nezakonito razre\u0161il direktorico Televizije Slovenija Natalijo Gor\u0161\u010dak. Predstavniki zaposlenih v novem svetu RTVS poleg tega v izjavi izpostavljajo ravnanja vodstva zavoda, ki sicer lahko v skladu z novelo od 28. decembra opravlja le \u0161e teko\u010de posle, a je kljub temu denimo prirejalo podatke o gledanosti, s kreativnim ra\u010dunovodstvom prikrilo rde\u010de \u0161tevilke zavoda in se lotilo sklepanja petmilijonskega posla za nov na\u010din merjenja gledanosti.<\/p>","protected":false},"author":7,"featured_media":0,"comment_status":"closed","ping_status":"open","sticky":false,"template":"","format":"standard","meta":{"_jetpack_memberships_contains_paid_content":false,"footnotes":"","_links_to":"","_links_to_target":""},"categories":[1],"tags":[],"class_list":["post-3036","post","type-post","status-publish","format-standard","hentry","category-novice"],"jetpack_sharing_enabled":true,"jetpack_featured_media_url":"","post_mailing_queue_ids":[],"_links":{"self":[{"href":"https:\/\/sindikat-novinarjev.si\/en\/wp-json\/wp\/v2\/posts\/3036","targetHints":{"allow":["GET"]}}],"collection":[{"href":"https:\/\/sindikat-novinarjev.si\/en\/wp-json\/wp\/v2\/posts"}],"about":[{"href":"https:\/\/sindikat-novinarjev.si\/en\/wp-json\/wp\/v2\/types\/post"}],"author":[{"embeddable":true,"href":"https:\/\/sindikat-novinarjev.si\/en\/wp-json\/wp\/v2\/users\/7"}],"replies":[{"embeddable":true,"href":"https:\/\/sindikat-novinarjev.si\/en\/wp-json\/wp\/v2\/comments?post=3036"}],"version-history":[{"count":1,"href":"https:\/\/sindikat-novinarjev.si\/en\/wp-json\/wp\/v2\/posts\/3036\/revisions"}],"predecessor-version":[{"id":3037,"href":"https:\/\/sindikat-novinarjev.si\/en\/wp-json\/wp\/v2\/posts\/3036\/revisions\/3037"}],"wp:attachment":[{"href":"https:\/\/sindikat-novinarjev.si\/en\/wp-json\/wp\/v2\/media?parent=3036"}],"wp:term":[{"taxonomy":"category","embeddable":true,"href":"https:\/\/sindikat-novinarjev.si\/en\/wp-json\/wp\/v2\/categories?post=3036"},{"taxonomy":"post_tag","embeddable":true,"href":"https:\/\/sindikat-novinarjev.si\/en\/wp-json\/wp\/v2\/tags?post=3036"}],"curies":[{"name":"wp","href":"https:\/\/api.w.org\/{rel}","templated":true}]}}