{"id":3068,"date":"2023-03-24T14:31:44","date_gmt":"2023-03-24T13:31:44","guid":{"rendered":"https:\/\/sindikat-novinarjev.si\/?p=3068"},"modified":"2023-03-24T14:31:44","modified_gmt":"2023-03-24T13:31:44","slug":"pismo-urednice-in-voditeljice-oddaje-naglas","status":"publish","type":"post","link":"https:\/\/sindikat-novinarjev.si\/en\/pismo-urednice-in-voditeljice-oddaje-naglas\/","title":{"rendered":"Pismo urednice in voditeljice oddaje NaGlas!"},"content":{"rendered":"<p>Spo\u0161tovani,<\/p>\n<p>potem ko sem predstavnike etni\u010dnih skupnosti obvestila o siroma\u0161enju oddaje NaGlas! na TV Slovenija, \u017eelim o tem obvestiti tudi \u0161ir\u0161o javnost, ker menim, da je to v javnem\u00a0interesu.<\/p>\n<p>Vr\u0161ilec dol\u017enosti direktorja TVS Uro\u0161 Urbanija se je odlo\u010dil prekiniti sodelovanje z novinarkami manj\u0161inske oddaje NaGlas! &#8211;\u00a0<strong>edine televizijske oddaje, ki jo javni medijski servis pripravlja za pripadnike albanske, bosanske, \u010drnogorske, hrva\u0161ke, makedonske in srbske skupnosti v Sloveniji<\/strong>. Traja 20 minut\u00a0<strong>in se v jezikih skupnosti\u00a0<\/strong>predvaja vsako drugo soboto na prvem sporedu v alternaciji z romsko oddajo.<\/p>\n<p><strong>Ta odlo\u010ditev pomeni\u00a0<\/strong><strong>ukinitev oddaje v obliki, kot je bila zasnovana pred osmimi leti, \u010deprav jo je\u00a0<\/strong><strong>29. decembra 2022 Programski svet RTV SLO potrdil v programskem na\u010drtu za leto\u0161nje leto<\/strong>. Zato je ustvarjalce odlo\u010ditev toliko bolj presenetila. V.d. direktorja TVS se je\u00a0<strong>brez kakr\u0161negakoli vnaprej\u0161njega obvestila februarja odlo\u010dil, da ne podpi\u0161e obi\u010dajnih trimese\u010dnih avtorskih pogodb za sodelavke.<\/strong>\u00a0Gre za novinarke, ki so jim jeziki omenjenih skupnosti materni in so bile zaradi tega tudi povabljene k ustvarjanju oddaje. So ve\u010dinoma univerzitetne diplomirane novinarke, svoje delo opravljajo vestno in odgovorno, ve\u010dina jih sodeluje pri oddaji od samega za\u010detka \u2013 od januarja 2015.<\/p>\n<p>Kak\u0161ne so bile pravne in dru\u017ebene okoli\u0161\u010dine, zaradi katerih je oddaja nastala? Med drugim je dr\u017eavni zbor leta 2011 sprejel deklaracijo, s katero so parlamentarne stranke skoraj soglasno priznale obstoj skupnosti v Sloveniji in pozvale vlado in druge ustanove, naj podprejo njihova prizadevanja za ohranjanje jezikov, kultur in identitet:\u00a0<a href=\"http:\/\/www.pisrs.si\/Pis.web\/pregledPredpisa?id=DEKL32\">http:\/\/www.pisrs.si\/Pis.web\/pregledPredpisa?id=DEKL32<\/a><\/p>\n<p>RTV Slovenija obvezuje tudi\u00a0<strong>4. \u010dlen zakona o RTVS<\/strong>\u00a0z dolo\u010dbo, da mora javna radio-televizija\u00a0<strong>\u00bbpodpirati \u0161irjenje vednosti o drugih kulturah, ki so zastopane v Sloveniji, in njihovih predstavnikih\u00ab.<\/strong><\/p>\n<p>Z ratifikacijo Okvirne konvencije Sveta Evrope za varstvo narodnih manj\u0161in se je Slovenija zavezala, da bo podpirala tudi ohranjanje kultur in jezikov omenjenih skupnosti, nenazadnje tudi zaradi njihove \u0161tevil\u010dnosti. Po podatkih Organizacije za gospodarsko sodelovanje in razvoj (OECD) je bilo leta 2019 skoraj\u00a0<strong>13 odstotkov prebivalcev<\/strong>\u00a0<strong>Slovenije rojenih izven njenih meja<\/strong>.\u00a0<a href=\"https:\/\/www.oecd-ilibrary.org\/social-issues-migration-health\/foreign-born-population\/indicator\/english_5a368e1b-en\">https:\/\/www.oecd-ilibrary.org\/social-issues-migration-health\/foreign-born-population\/indicator\/english_5a368e1b-en<\/a>\u00a0Omenjene manj\u0161inske skupnosti se sicer zdru\u017eujejo v ve\u010d kot 100 dru\u0161tvih, njihova pri\u010dakovanja glede medijskih vsebin na javni televiziji pa nara\u0161\u010dajo.<\/p>\n<p>V zadnjem obdobju se vrstijo pozivi Svetovalnega odbora za varstvo manj\u0161in pri Svetu Evrope, naj javni mediji poskrbijo za ustrezno oddajanje v jezikih drugih manj\u0161inski skupnosti, hkrati pa odbor opozarja, da morajo imeti pripadniki manj\u0161in mo\u017enost prejemati informacije v svojih jezikih (5., 16., 89., 97., 118. in 122. to\u010dka Petega mnenja iz maja 2022\u00a0<a href=\"https:\/\/www.gov.si\/assets\/vladne-sluzbe\/UN\/5-mnenje-OKVNM\/5.-Mnenje-o-izvajanju-OKVNM_slo.pdf\">https:\/\/www.gov.si\/assets\/vladne-sluzbe\/UN\/5-mnenje-OKVNM\/5.-Mnenje-o-izvajanju-OKVNM_slo.pdf<\/a><\/p>\n<p><strong>Ko sem o vseh omenjenih okoli\u0161\u010dinah obvestila direktorja, nisem prejela argumentiranega odgovora, zakaj je sprejel odlo\u010ditev, ki bo osiroma\u0161ila oddajo.\u00a0<\/strong>Med drugim je zapisal, da \u00bbRTV lahko honorarne sodelavce jemlje le v primeru, ko nima dovolj notranjih zmo\u017enosti\u00ab, ter da delo prelagam na zunanje sodelavce oddaje.<\/p>\n<p>Za oddajo bom po prehodnem obdobju, v katerem bodo predvajani prispevki, ki so jih sodelavke \u017ee pripravile, poskrbela sama \u2013 kot novinarka, redaktorica, urednica in voditeljica,<strong>\u00a0kar bo oddajo vsebinsko in jezikovno okrnilo. Pravzaprav bo izgubila smisel, zaradi katerega je pred osmimi leti sploh nastala \u2013\u00a0<\/strong>da kakovostne manj\u0161inske vsebine pripravljajo novinarji iz posameznih skupnosti, ki problematiko in njihove predstavnike najbolj poznajo, seveda ob upo\u0161tevanju najvi\u0161jih novinarskih profesionalnih standardov. Namesto, da bi jih\u00a0<strong>v duhu priporo\u010dil Sveta Evrope zaposlili in oblikovali uredni\u0161tvo novih manj\u0161in po vzoru na HRT,<\/strong>\u00a0je TVS odslovila zunanje sodelavke, ki so za objavljen prispevek prejemale po 100 evrov, kar na letni ravni skupaj zna\u0161a skupaj samo 8000 evrov.<\/p>\n<p>Opozarjam sicer, da oddaje NaGlas! ne sofinancirata niti urad za narodnosti niti ministrstvo za kulturo, \u010deprav so tudi pripadniki etni\u010dnih skupnosti pla\u010dniki RTV prispevka.<\/p>\n<p><strong>Vse te okoli\u0161\u010dine torej omogo\u010dajo arbitrarne odlo\u010ditve, ki smo jim pri\u010da sedaj<\/strong>. \u010ce so bila prej\u0161nja vodstva TVS oddaji naklonjena in ji zagotovila delovanje, je zdaj situacija nasprotna.\u00a0<strong>Najnovej\u0161a odlo\u010ditev je torej tudi prilo\u017enost, naj se uredi sistemsko sofinanciranje oddaje NaGlas!<\/strong>\u00a0<strong>po vzoru na druge manj\u0161inske oddaje in v duhu priporo\u010dil Sveta Evrope.<\/strong>\u00a0Le tako lahko zagotovimo, da formulacija iz 12 let stare deklaracije dr\u017eavnega zbora o polo\u017eaju omenjenih narodnih skupnosti, da mora dr\u017eava zagotoviti njihovo prisotnost v javnih medijih,\u00a0<strong>ne postane mrtva \u010drka na papirju<\/strong>. Proti deklaraciji je leta 2011 glasovala le Slovenska nacionalna stranka.<\/p>\n<p><strong>Oddaja Naglas je samo leto dni po prvem predvajanju postala najbolj gledana oddaja v svojem terminu<\/strong>; je odli\u010dno sprejeta tako pri skupnostih kot v strokovni javnosti; je tudi ena redkih, ki ves \u010das celotno vsebino pripravlja tudi za spletno stran\u00a0<a href=\"http:\/\/rtvslo.si\/\">rtvslo.si<\/a>\u00a0in za dru\u017ebena omre\u017eja.<\/p>\n<p><strong>\u010ce romsko oddajo ustvarjajo romski novinarji, \u010de italijanske programe ustvarjajo italijanski kolegi, mad\u017earske pa mad\u017earski novinarji, res ne vidim tehtnih razlogov, da bi bilo v primeru ostalih v Sloveniji \u017eive\u010dih etni\u010dnih skupnosti druga\u010de.<\/strong><\/p>\n<p>Zahvaljujem se vam za objavo in vas lepo pozdravljam.<\/p>\n<p>Sa\u0161a Banjanac Lubej, urednica in voditeljica oddaje NaGlas!<\/p>","protected":false},"excerpt":{"rendered":"<p>Spo\u0161tovani, potem ko sem predstavnike etni\u010dnih skupnosti obvestila o siroma\u0161enju oddaje NaGlas! na TV Slovenija, \u017eelim o tem obvestiti tudi \u0161ir\u0161o javnost, ker menim, da je to v javnem\u00a0interesu. Vr\u0161ilec dol\u017enosti direktorja TVS Uro\u0161 Urbanija se je odlo\u010dil prekiniti sodelovanje z novinarkami manj\u0161inske oddaje NaGlas! &#8211;\u00a0edine televizijske oddaje, ki jo javni medijski servis pripravlja za pripadnike albanske, bosanske, \u010drnogorske, hrva\u0161ke, makedonske in srbske skupnosti v Sloveniji. Traja 20 minut\u00a0in se v jezikih skupnosti\u00a0predvaja vsako drugo soboto na prvem sporedu v alternaciji z romsko oddajo. Ta odlo\u010ditev pomeni\u00a0ukinitev oddaje v obliki, kot je bila zasnovana pred osmimi leti, \u010deprav jo je\u00a029. decembra 2022 Programski svet RTV SLO potrdil v programskem na\u010drtu za leto\u0161nje leto. Zato je ustvarjalce odlo\u010ditev toliko bolj presenetila. V.d. direktorja TVS se je\u00a0brez kakr\u0161negakoli vnaprej\u0161njega obvestila februarja odlo\u010dil, da ne podpi\u0161e obi\u010dajnih trimese\u010dnih avtorskih pogodb za sodelavke.\u00a0Gre za novinarke, ki so jim jeziki omenjenih skupnosti materni in so bile zaradi tega tudi povabljene k ustvarjanju oddaje. So ve\u010dinoma univerzitetne diplomirane novinarke, svoje delo opravljajo vestno in odgovorno, ve\u010dina jih sodeluje pri oddaji od samega za\u010detka \u2013 od januarja 2015. Kak\u0161ne so bile pravne in dru\u017ebene okoli\u0161\u010dine, zaradi katerih je oddaja nastala? Med drugim je dr\u017eavni zbor leta 2011 sprejel deklaracijo, s katero so parlamentarne stranke skoraj soglasno priznale obstoj skupnosti v Sloveniji in pozvale vlado in druge ustanove, naj podprejo njihova prizadevanja za ohranjanje jezikov, kultur in identitet:\u00a0http:\/\/www.pisrs.si\/Pis.web\/pregledPredpisa?id=DEKL32 RTV Slovenija obvezuje tudi\u00a04. \u010dlen zakona o RTVS\u00a0z dolo\u010dbo, da mora javna radio-televizija\u00a0\u00bbpodpirati \u0161irjenje vednosti o drugih kulturah, ki so zastopane v Sloveniji, in njihovih predstavnikih\u00ab. Z ratifikacijo Okvirne konvencije Sveta Evrope za varstvo narodnih manj\u0161in se je Slovenija zavezala, da bo podpirala tudi ohranjanje kultur in jezikov omenjenih skupnosti, nenazadnje tudi zaradi njihove \u0161tevil\u010dnosti. Po podatkih Organizacije za gospodarsko sodelovanje in razvoj (OECD) je bilo leta 2019 skoraj\u00a013 odstotkov prebivalcev\u00a0Slovenije rojenih izven njenih meja.\u00a0https:\/\/www.oecd-ilibrary.org\/social-issues-migration-health\/foreign-born-population\/indicator\/english_5a368e1b-en\u00a0Omenjene manj\u0161inske skupnosti se sicer zdru\u017eujejo v ve\u010d kot 100 dru\u0161tvih, njihova pri\u010dakovanja glede medijskih vsebin na javni televiziji pa nara\u0161\u010dajo. V zadnjem obdobju se vrstijo pozivi Svetovalnega odbora za varstvo manj\u0161in pri Svetu Evrope, naj javni mediji poskrbijo za ustrezno oddajanje v jezikih drugih manj\u0161inski skupnosti, hkrati pa odbor opozarja, da morajo imeti pripadniki manj\u0161in mo\u017enost prejemati informacije v svojih jezikih (5., 16., 89., 97., 118. in 122. to\u010dka Petega mnenja iz maja 2022\u00a0https:\/\/www.gov.si\/assets\/vladne-sluzbe\/UN\/5-mnenje-OKVNM\/5.-Mnenje-o-izvajanju-OKVNM_slo.pdf Ko sem o vseh omenjenih okoli\u0161\u010dinah obvestila direktorja, nisem prejela argumentiranega odgovora, zakaj je sprejel odlo\u010ditev, ki bo osiroma\u0161ila oddajo.\u00a0Med drugim je zapisal, da \u00bbRTV lahko honorarne sodelavce jemlje le v primeru, ko nima dovolj notranjih zmo\u017enosti\u00ab, ter da delo prelagam na zunanje sodelavce oddaje. Za oddajo bom po prehodnem obdobju, v katerem bodo predvajani prispevki, ki so jih sodelavke \u017ee pripravile, poskrbela sama \u2013 kot novinarka, redaktorica, urednica in voditeljica,\u00a0kar bo oddajo vsebinsko in jezikovno okrnilo. Pravzaprav bo izgubila smisel, zaradi katerega je pred osmimi leti sploh nastala \u2013\u00a0da kakovostne manj\u0161inske vsebine pripravljajo novinarji iz posameznih skupnosti, ki problematiko in njihove predstavnike najbolj poznajo, seveda ob upo\u0161tevanju najvi\u0161jih novinarskih profesionalnih standardov. Namesto, da bi jih\u00a0v duhu priporo\u010dil Sveta Evrope zaposlili in oblikovali uredni\u0161tvo novih manj\u0161in po vzoru na HRT,\u00a0je TVS odslovila zunanje sodelavke, ki so za objavljen prispevek prejemale po 100 evrov, kar na letni ravni skupaj zna\u0161a skupaj samo 8000 evrov. Opozarjam sicer, da oddaje NaGlas! ne sofinancirata niti urad za narodnosti niti ministrstvo za kulturo, \u010deprav so tudi pripadniki etni\u010dnih skupnosti pla\u010dniki RTV prispevka. Vse te okoli\u0161\u010dine torej omogo\u010dajo arbitrarne odlo\u010ditve, ki smo jim pri\u010da sedaj. \u010ce so bila prej\u0161nja vodstva TVS oddaji naklonjena in ji zagotovila delovanje, je zdaj situacija nasprotna.\u00a0Najnovej\u0161a odlo\u010ditev je torej tudi prilo\u017enost, naj se uredi sistemsko sofinanciranje oddaje NaGlas!\u00a0po vzoru na druge manj\u0161inske oddaje in v duhu priporo\u010dil Sveta Evrope.\u00a0Le tako lahko zagotovimo, da formulacija iz 12 let stare deklaracije dr\u017eavnega zbora o polo\u017eaju omenjenih narodnih skupnosti, da mora dr\u017eava zagotoviti njihovo prisotnost v javnih medijih,\u00a0ne postane mrtva \u010drka na papirju. Proti deklaraciji je leta 2011 glasovala le Slovenska nacionalna stranka. Oddaja Naglas je samo leto dni po prvem predvajanju postala najbolj gledana oddaja v svojem terminu; je odli\u010dno sprejeta tako pri skupnostih kot v strokovni javnosti; je tudi ena redkih, ki ves \u010das celotno vsebino pripravlja tudi za spletno stran\u00a0rtvslo.si\u00a0in za dru\u017ebena omre\u017eja. \u010ce romsko oddajo ustvarjajo romski novinarji, \u010de italijanske programe ustvarjajo italijanski kolegi, mad\u017earske pa mad\u017earski novinarji, res ne vidim tehtnih razlogov, da bi bilo v primeru ostalih v Sloveniji \u017eive\u010dih etni\u010dnih skupnosti druga\u010de. Zahvaljujem se vam za objavo in vas lepo pozdravljam. Sa\u0161a Banjanac Lubej, urednica in voditeljica oddaje NaGlas!<\/p>","protected":false},"author":7,"featured_media":0,"comment_status":"closed","ping_status":"open","sticky":false,"template":"","format":"standard","meta":{"_jetpack_memberships_contains_paid_content":false,"footnotes":"","_links_to":"","_links_to_target":""},"categories":[1],"tags":[],"class_list":["post-3068","post","type-post","status-publish","format-standard","hentry","category-novice"],"jetpack_sharing_enabled":true,"jetpack_featured_media_url":"","post_mailing_queue_ids":[],"_links":{"self":[{"href":"https:\/\/sindikat-novinarjev.si\/en\/wp-json\/wp\/v2\/posts\/3068","targetHints":{"allow":["GET"]}}],"collection":[{"href":"https:\/\/sindikat-novinarjev.si\/en\/wp-json\/wp\/v2\/posts"}],"about":[{"href":"https:\/\/sindikat-novinarjev.si\/en\/wp-json\/wp\/v2\/types\/post"}],"author":[{"embeddable":true,"href":"https:\/\/sindikat-novinarjev.si\/en\/wp-json\/wp\/v2\/users\/7"}],"replies":[{"embeddable":true,"href":"https:\/\/sindikat-novinarjev.si\/en\/wp-json\/wp\/v2\/comments?post=3068"}],"version-history":[{"count":1,"href":"https:\/\/sindikat-novinarjev.si\/en\/wp-json\/wp\/v2\/posts\/3068\/revisions"}],"predecessor-version":[{"id":3069,"href":"https:\/\/sindikat-novinarjev.si\/en\/wp-json\/wp\/v2\/posts\/3068\/revisions\/3069"}],"wp:attachment":[{"href":"https:\/\/sindikat-novinarjev.si\/en\/wp-json\/wp\/v2\/media?parent=3068"}],"wp:term":[{"taxonomy":"category","embeddable":true,"href":"https:\/\/sindikat-novinarjev.si\/en\/wp-json\/wp\/v2\/categories?post=3068"},{"taxonomy":"post_tag","embeddable":true,"href":"https:\/\/sindikat-novinarjev.si\/en\/wp-json\/wp\/v2\/tags?post=3068"}],"curies":[{"name":"wp","href":"https:\/\/api.w.org\/{rel}","templated":true}]}}