{"id":3301,"date":"2023-06-01T11:09:57","date_gmt":"2023-06-01T09:09:57","guid":{"rendered":"https:\/\/sindikat-novinarjev.si\/?p=3301"},"modified":"2023-06-01T11:09:57","modified_gmt":"2023-06-01T09:09:57","slug":"obsojamo-nasilno-vedenje-nekaterih-protestnikov-na-policijo-podana-prijava","status":"publish","type":"post","link":"https:\/\/sindikat-novinarjev.si\/en\/obsojamo-nasilno-vedenje-nekaterih-protestnikov-na-policijo-podana-prijava\/","title":{"rendered":"Obsojamo nasilno vedenje nekaterih protestnikov, na policijo podana prijava"},"content":{"rendered":"<p class=\"MsoNormal\" style=\"line-height: 120%;\"><span style=\"font-size: 12.0pt; line-height: 120%; font-family: 'Times New Roman',serif; color: #242424; background: white; mso-style-textoutline-type: none; mso-style-textoutline-outlinestyle-dpiwidth: 0pt; mso-style-textoutline-outlinestyle-linecap: flat; mso-style-textoutline-outlinestyle-join: bevel; mso-style-textoutline-outlinestyle-pctmiterlimit: 0%; mso-style-textoutline-outlinestyle-dash: solid; mso-style-textoutline-outlinestyle-align: center; mso-style-textoutline-outlinestyle-compound: simple;\">V novinarskih aktivih, sindikatih in Svetu delavcev RTV-ja ostro obsojamo (v\u010deraj\u0161nji) dogodek, ko so bili novinarji in drugi zaposleni na RTV Slovenija med opravljanjem svojega dela dele\u017eni \u017ealjivk in agresije dolo\u010denih udele\u017eencev shoda upokojencev pred vhodom RTV-ja. Vodstvo RTV Slovenija smo pozvali, da za\u0161\u010diti zaposlene in javno obsodi nasilni dogodek.<\/span><\/p>\n<p class=\"MsoNormal\" style=\"line-height: 120%;\"><span style=\"font-size: 12pt; line-height: 120%; font-family: 'Times New Roman', serif; color: #242424; background-image: initial; background-position: initial; background-size: initial; background-repeat: initial; background-attachment: initial; background-origin: initial; background-clip: initial;\">\u0160e posebej obsojamo incident, ko se je eden od protestnikov znesel nad novinarko MMC-ja, medtem ko je spremljala\u00a0prihod Pavla Ruparja pred poslopje RTV Slovenija. Zagrozil ji je, da ji bo z de\u017enikom iz rok zbil telefon. Izpulil ji je slu\u017ebeno kartico in jo zmerjal, da\u00a0je &#8220;gnoj&#8221; in &#8220;rde\u010d<\/span><span lang=\"DA\" style=\"font-size: 12pt; line-height: 120%; font-family: 'Times New Roman', serif; color: #242424; background-image: initial; background-position: initial; background-size: initial; background-repeat: initial; background-attachment: initial; background-origin: initial; background-clip: initial;\">a drhal&#8221;.<\/span><span style=\"font-size: 12pt; line-height: 120%; font-family: 'Times New Roman', serif; color: #242424; background-image: initial; background-position: initial; background-size: initial; background-repeat: initial; background-attachment: initial; background-origin: initial; background-clip: initial;\">\u00a0Kartico ji je potem vrnil in zagrozil, da ne sme snemati dogajanja. Ko mu je pojasnila, da je novinarka in da poro\u010da z dogodka, ji je dejal, &#8220;ampak niste na\u0161<\/span><span lang=\"SV\" style=\"font-size: 12pt; line-height: 120%; font-family: 'Times New Roman', serif; color: #242424; background-image: initial; background-position: initial; background-size: initial; background-repeat: initial; background-attachment: initial; background-origin: initial; background-clip: initial;\">a, vi la<\/span><span style=\"font-size: 12pt; line-height: 120%; font-family: 'Times New Roman', serif; color: #242424; background-image: initial; background-position: initial; background-size: initial; background-repeat: initial; background-attachment: initial; background-origin: initial; background-clip: initial;\">\u017e<\/span><span lang=\"ES-TRAD\" style=\"font-size: 12pt; line-height: 120%; font-family: 'Times New Roman', serif; color: #242424; background-image: initial; background-position: initial; background-size: initial; background-repeat: initial; background-attachment: initial; background-origin: initial; background-clip: initial;\">ete&#8221;.<\/span><span style=\"font-size: 12pt; line-height: 120%; font-family: 'Times New Roman', serif; color: #242424; background-image: initial; background-position: initial; background-size: initial; background-repeat: initial; background-attachment: initial; background-origin: initial; background-clip: initial;\">\u00a0Na novinarko je za\u010del vpiti \u0161e en protestnik, zato se je umaknila izpred vhoda v televizijsko stavbo RTV Slovenija. Za spremstvo je zaprosila policista, ki jo je pospremil do vhoda v radijsko stavbo. V redakcijo se je vrnila pretresena, dogodek je nato prijavila na policijo.\u00a0<\/span><\/p>\n<p class=\"MsoNormal\" style=\"line-height: 120%;\"><span style=\"color: #242424; font-family: 'Times New Roman', serif; font-size: 12pt;\">Tak\u0161no agresivno vedenje je posledica na\u010drtnega netenja nestrpnosti in sovra\u017enosti do novinarjev in drugih zaposlenih na RTV Slovenija, zaradi katerega vse pogosteje prihaja do podobnih incidentov, kar je nesprejemljivo.\u00a0<\/span><\/p>\n<p class=\"MsoNormal\" style=\"line-height: 120%;\"><span style=\"color: #242424; font-family: 'Times New Roman', serif; font-size: 12pt;\">Glede na to, da je pred dana\u0161njim shodom Pavel Rupar na dru\u017ebenih omre\u017ejih javno pozival udele\u017eence, naj se pred odhodom na Trg republike zberejo pred stavbo RTV Slovenija, nas zanima, zakaj vodstvo ni poskrbelo za dodatne ukrepe za varnost zaposlenih.\u00a0<\/span><\/p>\n<p class=\"MsoNormal\" style=\"margin-bottom: 10.65pt; line-height: 120%;\"><span style=\"font-size: 12.0pt; line-height: 120%; font-family: 'Times New Roman',serif; color: #242424; background: white; mso-style-textoutline-type: none; mso-style-textoutline-outlinestyle-dpiwidth: 0pt; mso-style-textoutline-outlinestyle-linecap: flat; mso-style-textoutline-outlinestyle-join: bevel; mso-style-textoutline-outlinestyle-pctmiterlimit: 0%; mso-style-textoutline-outlinestyle-dash: solid; mso-style-textoutline-outlinestyle-align: center; mso-style-textoutline-outlinestyle-compound: simple;\">\u00a0<\/span><span style=\"color: #242424; font-family: 'Times New Roman', serif; font-size: 12pt;\">Aktiv MMC-ja<\/span><\/p>\n<p class=\"MsoNormal\" style=\"line-height: 120%;\"><span style=\"font-size: 12.0pt; line-height: 120%; font-family: 'Times New Roman',serif; color: #242424; background: white; mso-style-textoutline-type: none; mso-style-textoutline-outlinestyle-dpiwidth: 0pt; mso-style-textoutline-outlinestyle-linecap: flat; mso-style-textoutline-outlinestyle-join: bevel; mso-style-textoutline-outlinestyle-pctmiterlimit: 0%; mso-style-textoutline-outlinestyle-dash: solid; mso-style-textoutline-outlinestyle-align: center; mso-style-textoutline-outlinestyle-compound: simple;\">Aktiv Informativnega programa TV Slovenija<\/span><\/p>\n<p class=\"MsoNormal\" style=\"line-height: 120%;\"><span style=\"font-size: 12.0pt; line-height: 120%; font-family: 'Times New Roman',serif; color: #242424; background: white; mso-style-textoutline-type: none; mso-style-textoutline-outlinestyle-dpiwidth: 0pt; mso-style-textoutline-outlinestyle-linecap: flat; mso-style-textoutline-outlinestyle-join: bevel; mso-style-textoutline-outlinestyle-pctmiterlimit: 0%; mso-style-textoutline-outlinestyle-dash: solid; mso-style-textoutline-outlinestyle-align: center; mso-style-textoutline-outlinestyle-compound: simple;\">Aktiv Radia Slovenija<\/span><\/p>\n<p class=\"MsoNormal\" style=\"line-height: 120%;\"><span style=\"font-size: 12.0pt; line-height: 120%; font-family: 'Times New Roman',serif; color: #242424; background: white; mso-style-textoutline-type: none; mso-style-textoutline-outlinestyle-dpiwidth: 0pt; mso-style-textoutline-outlinestyle-linecap: flat; mso-style-textoutline-outlinestyle-join: bevel; mso-style-textoutline-outlinestyle-pctmiterlimit: 0%; mso-style-textoutline-outlinestyle-dash: solid; mso-style-textoutline-outlinestyle-align: center; mso-style-textoutline-outlinestyle-compound: simple;\">Koordinacija novinarskih sindikatov RTV SLO<\/span><\/p>\n<p class=\"MsoNormal\" style=\"line-height: 120%;\"><span style=\"font-size: 12.0pt; line-height: 120%; font-family: 'Times New Roman',serif; color: #242424; background: white; mso-style-textoutline-type: none; mso-style-textoutline-outlinestyle-dpiwidth: 0pt; mso-style-textoutline-outlinestyle-linecap: flat; mso-style-textoutline-outlinestyle-join: bevel; mso-style-textoutline-outlinestyle-pctmiterlimit: 0%; mso-style-textoutline-outlinestyle-dash: solid; mso-style-textoutline-outlinestyle-align: center; mso-style-textoutline-outlinestyle-compound: simple;\">Svet delavcev RTV Slovenija<\/span><\/p>\n<p class=\"MsoNormal\" style=\"line-height: 120%;\"><span style=\"font-size: 12.0pt; line-height: 120%; font-family: 'Times New Roman',serif; color: #242424; background: white; mso-style-textoutline-type: none; mso-style-textoutline-outlinestyle-dpiwidth: 0pt; mso-style-textoutline-outlinestyle-linecap: flat; mso-style-textoutline-outlinestyle-join: bevel; mso-style-textoutline-outlinestyle-pctmiterlimit: 0%; mso-style-textoutline-outlinestyle-dash: solid; mso-style-textoutline-outlinestyle-align: center; mso-style-textoutline-outlinestyle-compound: simple;\">\u00a0<\/span><span style=\"color: #242424; font-family: 'Times New Roman', serif; font-size: 12pt;\">Pozivu se pridru\u017eujeta tudi Sindikat novinarjev Slovenije in Dru\u0161tvo novinarjev Slovenije.<\/span><\/p>","protected":false},"excerpt":{"rendered":"<p>V novinarskih aktivih, sindikatih in Svetu delavcev RTV-ja ostro obsojamo (v\u010deraj\u0161nji) dogodek, ko so bili novinarji in drugi zaposleni na RTV Slovenija med opravljanjem svojega dela dele\u017eni \u017ealjivk in agresije dolo\u010denih udele\u017eencev shoda upokojencev pred vhodom RTV-ja. Vodstvo RTV Slovenija smo pozvali, da za\u0161\u010diti zaposlene in javno obsodi nasilni dogodek. \u0160e posebej obsojamo incident, ko se je eden od protestnikov znesel nad novinarko MMC-ja, medtem ko je spremljala\u00a0prihod Pavla Ruparja pred poslopje RTV Slovenija. Zagrozil ji je, da ji bo z de\u017enikom iz rok zbil telefon. Izpulil ji je slu\u017ebeno kartico in jo zmerjal, da\u00a0je &#8220;gnoj&#8221; in &#8220;rde\u010da drhal&#8221;.\u00a0Kartico ji je potem vrnil in zagrozil, da ne sme snemati dogajanja. Ko mu je pojasnila, da je novinarka in da poro\u010da z dogodka, ji je dejal, &#8220;ampak niste na\u0161a, vi la\u017eete&#8221;.\u00a0Na novinarko je za\u010del vpiti \u0161e en protestnik, zato se je umaknila izpred vhoda v televizijsko stavbo RTV Slovenija. Za spremstvo je zaprosila policista, ki jo je pospremil do vhoda v radijsko stavbo. V redakcijo se je vrnila pretresena, dogodek je nato prijavila na policijo.\u00a0 Tak\u0161no agresivno vedenje je posledica na\u010drtnega netenja nestrpnosti in sovra\u017enosti do novinarjev in drugih zaposlenih na RTV Slovenija, zaradi katerega vse pogosteje prihaja do podobnih incidentov, kar je nesprejemljivo.\u00a0 Glede na to, da je pred dana\u0161njim shodom Pavel Rupar na dru\u017ebenih omre\u017ejih javno pozival udele\u017eence, naj se pred odhodom na Trg republike zberejo pred stavbo RTV Slovenija, nas zanima, zakaj vodstvo ni poskrbelo za dodatne ukrepe za varnost zaposlenih.\u00a0 \u00a0Aktiv MMC-ja Aktiv Informativnega programa TV Slovenija Aktiv Radia Slovenija Koordinacija novinarskih sindikatov RTV SLO Svet delavcev RTV Slovenija \u00a0Pozivu se pridru\u017eujeta tudi Sindikat novinarjev Slovenije in Dru\u0161tvo novinarjev Slovenije.<\/p>","protected":false},"author":7,"featured_media":0,"comment_status":"closed","ping_status":"open","sticky":false,"template":"","format":"standard","meta":{"_jetpack_memberships_contains_paid_content":false,"footnotes":"","_links_to":"","_links_to_target":""},"categories":[1],"tags":[],"class_list":["post-3301","post","type-post","status-publish","format-standard","hentry","category-novice"],"jetpack_sharing_enabled":true,"jetpack_featured_media_url":"","post_mailing_queue_ids":[],"_links":{"self":[{"href":"https:\/\/sindikat-novinarjev.si\/en\/wp-json\/wp\/v2\/posts\/3301","targetHints":{"allow":["GET"]}}],"collection":[{"href":"https:\/\/sindikat-novinarjev.si\/en\/wp-json\/wp\/v2\/posts"}],"about":[{"href":"https:\/\/sindikat-novinarjev.si\/en\/wp-json\/wp\/v2\/types\/post"}],"author":[{"embeddable":true,"href":"https:\/\/sindikat-novinarjev.si\/en\/wp-json\/wp\/v2\/users\/7"}],"replies":[{"embeddable":true,"href":"https:\/\/sindikat-novinarjev.si\/en\/wp-json\/wp\/v2\/comments?post=3301"}],"version-history":[{"count":1,"href":"https:\/\/sindikat-novinarjev.si\/en\/wp-json\/wp\/v2\/posts\/3301\/revisions"}],"predecessor-version":[{"id":3302,"href":"https:\/\/sindikat-novinarjev.si\/en\/wp-json\/wp\/v2\/posts\/3301\/revisions\/3302"}],"wp:attachment":[{"href":"https:\/\/sindikat-novinarjev.si\/en\/wp-json\/wp\/v2\/media?parent=3301"}],"wp:term":[{"taxonomy":"category","embeddable":true,"href":"https:\/\/sindikat-novinarjev.si\/en\/wp-json\/wp\/v2\/categories?post=3301"},{"taxonomy":"post_tag","embeddable":true,"href":"https:\/\/sindikat-novinarjev.si\/en\/wp-json\/wp\/v2\/tags?post=3301"}],"curies":[{"name":"wp","href":"https:\/\/api.w.org\/{rel}","templated":true}]}}