{"id":3577,"date":"2024-06-19T20:57:09","date_gmt":"2024-06-19T18:57:09","guid":{"rendered":"https:\/\/sindikat-novinarjev.si\/?p=3577"},"modified":"2024-08-27T13:11:32","modified_gmt":"2024-08-27T11:11:32","slug":"protest-proti-odpuscanju-na-veceru","status":"publish","type":"post","link":"https:\/\/sindikat-novinarjev.si\/en\/protest-proti-odpuscanju-na-veceru\/","title":{"rendered":"Protest proti odpu\u0161\u010danju na Ve\u010deru!"},"content":{"rendered":"<p>Aktiv Dru\u0161tva novinarjev Slovenije Ve\u010der, Sindikat novinarjev Ve\u010dera, Sindikat novinarjev Slovenije in Dru\u0161tvo novinarjev Slovenije v celoti zavra\u010damo namero lastnikov in poslovodstva podjetja Ve\u010der Mediji po odpu\u0161\u010danju novinarjev in drugih medijskih delavcev. Aktiv, sindikata in dru\u0161tvo opozarjamo, da gre \u0161e za eno v seriji potez nekdanjih in sedanjih lastnikov, ko te\u017eave razre\u0161ujejo zgolj na ple\u010dih zaposlenih.<\/p>\n<p>\u017de selitev uredni\u0161tva Ve\u010dera v cenej\u0161e najete in neprimerne prostore je bila po na\u0161i oceni ve\u010d kot zadosten korak v smeri racionalizacije in optimizacije poslovanja, zato se ob napovedi prese\u017enih delavcev tudi spra\u0161ujemo, kje in kdaj se var\u010devanje sploh kon\u010da.<\/p>\n<p>Aktiv, sindikata in dru\u0161tvo ob tem vnovi\u010d opozarjamo, da gre za potezo, ki bo pomenila ne le slabitev polo\u017eaja Ve\u010dera na \u017ee tako te\u017eavnem medijskem trgu, pa\u010d pa bo neizbe\u017eno prinesla \u0161e kr\u010denje kakovostnih in profesionalnih vsebin, zaradi \u010desar bodo najbolj o\u0161kodovani prav tisti, ki jim je Ve\u010der namenjen \u2013 javnost in bralci ter naro\u010dniki Ve\u010dera. Kr\u010denje \u0161tevila zaposlenih v \u017ee tako kadrovsko skr\u010denem podjetju pa bo s seboj prinesla \u0161e dodatno obremenitev \u017ee tako preobremenjenih zaposlenih.<\/p>\n<p>Nenavadno tudi je, da vodstvo Ve\u010dera namerava odpu\u0161\u010dati v \u010dasu, ko pristojno ministrstvo za kulturo z novim predlogom medijskega zakona napoveduje finan\u010dno pomo\u010d \u010dasopisom v obliki subvencioniranja produkcijskih stro\u0161kov in distribucije.<\/p>\n<p>Dodatno skrb zbuja dejstvo, da gre le za prvi del nameravanih odpu\u0161\u010danj, kar pomeni, da bo nad zaposlenimi tudi v prihodnih mesecih visela nenehna gro\u017enja po dodatnih odpu\u0161\u010danjih, kar je nesprejemljivo, ko se hkrati \u0161tevilo zaposlenih na Ve\u010deru \u017ee zni\u017euje, predvsem na ra\u010dun pred\u010dasnega upokojevanja.<\/p>\n<p>Aktiv, sindikata in dru\u0161tvo pozivamo lastnike in poslovodstvo, da od namere po odpu\u0161\u010danjih odstopijo in poi\u0161\u010dejo druge poti za nadaljnji razvoj tega pomembnega \u010dasopisnega podjetja, predvsem lastnike pa, da za\u010dnejo vanj tudi vlagati.<\/p>\n<p>Upravni odbor Aktiva DNS Ve\u010der<\/p>\n<p>Izvr\u0161ni odbor Sindikata novinarjev Ve\u010dera<\/p>\n<p>Sindikat novinarjev Slovenije<\/p>\n<p>Dru\u0161tvo novinarjev Slovenije<\/p>","protected":false},"excerpt":{"rendered":"<p>Aktiv Dru\u0161tva novinarjev Slovenije Ve\u010der, Sindikat novinarjev Ve\u010dera, Sindikat novinarjev Slovenije in Dru\u0161tvo novinarjev Slovenije v celoti zavra\u010damo namero lastnikov in poslovodstva podjetja Ve\u010der Mediji po odpu\u0161\u010danju novinarjev in drugih medijskih delavcev. Aktiv, sindikata in dru\u0161tvo opozarjamo, da gre \u0161e za eno v seriji potez nekdanjih in sedanjih lastnikov, ko te\u017eave razre\u0161ujejo zgolj na ple\u010dih zaposlenih. \u017de selitev uredni\u0161tva Ve\u010dera v cenej\u0161e najete in neprimerne prostore je bila po na\u0161i oceni ve\u010d kot zadosten korak v smeri racionalizacije in optimizacije poslovanja, zato se ob napovedi prese\u017enih delavcev tudi spra\u0161ujemo, kje in kdaj se var\u010devanje sploh kon\u010da. Aktiv, sindikata in dru\u0161tvo ob tem vnovi\u010d opozarjamo, da gre za potezo, ki bo pomenila ne le slabitev polo\u017eaja Ve\u010dera na \u017ee tako te\u017eavnem medijskem trgu, pa\u010d pa bo neizbe\u017eno prinesla \u0161e kr\u010denje kakovostnih in profesionalnih vsebin, zaradi \u010desar bodo najbolj o\u0161kodovani prav tisti, ki jim je Ve\u010der namenjen \u2013 javnost in bralci ter naro\u010dniki Ve\u010dera. Kr\u010denje \u0161tevila zaposlenih v \u017ee tako kadrovsko skr\u010denem podjetju pa bo s seboj prinesla \u0161e dodatno obremenitev \u017ee tako preobremenjenih zaposlenih. Nenavadno tudi je, da vodstvo Ve\u010dera namerava odpu\u0161\u010dati v \u010dasu, ko pristojno ministrstvo za kulturo z novim predlogom medijskega zakona napoveduje finan\u010dno pomo\u010d \u010dasopisom v obliki subvencioniranja produkcijskih stro\u0161kov in distribucije. Dodatno skrb zbuja dejstvo, da gre le za prvi del nameravanih odpu\u0161\u010danj, kar pomeni, da bo nad zaposlenimi tudi v prihodnih mesecih visela nenehna gro\u017enja po dodatnih odpu\u0161\u010danjih, kar je nesprejemljivo, ko se hkrati \u0161tevilo zaposlenih na Ve\u010deru \u017ee zni\u017euje, predvsem na ra\u010dun pred\u010dasnega upokojevanja. Aktiv, sindikata in dru\u0161tvo pozivamo lastnike in poslovodstvo, da od namere po odpu\u0161\u010danjih odstopijo in poi\u0161\u010dejo druge poti za nadaljnji razvoj tega pomembnega \u010dasopisnega podjetja, predvsem lastnike pa, da za\u010dnejo vanj tudi vlagati. Upravni odbor Aktiva DNS Ve\u010der Izvr\u0161ni odbor Sindikata novinarjev Ve\u010dera Sindikat novinarjev Slovenije Dru\u0161tvo novinarjev Slovenije<\/p>","protected":false},"author":7,"featured_media":0,"comment_status":"closed","ping_status":"open","sticky":false,"template":"","format":"standard","meta":{"_jetpack_memberships_contains_paid_content":false,"footnotes":"","_links_to":"","_links_to_target":""},"categories":[1],"tags":[],"class_list":["post-3577","post","type-post","status-publish","format-standard","hentry","category-novice"],"jetpack_sharing_enabled":true,"jetpack_featured_media_url":"","post_mailing_queue_ids":[],"_links":{"self":[{"href":"https:\/\/sindikat-novinarjev.si\/en\/wp-json\/wp\/v2\/posts\/3577","targetHints":{"allow":["GET"]}}],"collection":[{"href":"https:\/\/sindikat-novinarjev.si\/en\/wp-json\/wp\/v2\/posts"}],"about":[{"href":"https:\/\/sindikat-novinarjev.si\/en\/wp-json\/wp\/v2\/types\/post"}],"author":[{"embeddable":true,"href":"https:\/\/sindikat-novinarjev.si\/en\/wp-json\/wp\/v2\/users\/7"}],"replies":[{"embeddable":true,"href":"https:\/\/sindikat-novinarjev.si\/en\/wp-json\/wp\/v2\/comments?post=3577"}],"version-history":[{"count":1,"href":"https:\/\/sindikat-novinarjev.si\/en\/wp-json\/wp\/v2\/posts\/3577\/revisions"}],"predecessor-version":[{"id":3578,"href":"https:\/\/sindikat-novinarjev.si\/en\/wp-json\/wp\/v2\/posts\/3577\/revisions\/3578"}],"wp:attachment":[{"href":"https:\/\/sindikat-novinarjev.si\/en\/wp-json\/wp\/v2\/media?parent=3577"}],"wp:term":[{"taxonomy":"category","embeddable":true,"href":"https:\/\/sindikat-novinarjev.si\/en\/wp-json\/wp\/v2\/categories?post=3577"},{"taxonomy":"post_tag","embeddable":true,"href":"https:\/\/sindikat-novinarjev.si\/en\/wp-json\/wp\/v2\/tags?post=3577"}],"curies":[{"name":"wp","href":"https:\/\/api.w.org\/{rel}","templated":true}]}}