{"id":3709,"date":"2025-08-06T16:19:56","date_gmt":"2025-08-06T14:19:56","guid":{"rendered":"https:\/\/sindikat-novinarjev.si\/?p=3709"},"modified":"2025-09-08T11:21:12","modified_gmt":"2025-09-08T09:21:12","slug":"cas-je-za-zakon-o-medijih","status":"publish","type":"post","link":"https:\/\/sindikat-novinarjev.si\/en\/cas-je-za-zakon-o-medijih\/","title":{"rendered":"\u010cas je za zakon o medijih"},"content":{"rendered":"<p>Evropski akt o svobodi medijev (Emfa), ki bo v celoti za\u010del veljati 8. avgusta, je pomemben mehanizem za za\u0161\u010dito uredni\u0161ke neodvisnosti. <strong>Dru\u0161tvo novinarjev Slovenije (DNS)<\/strong> in <strong>Sindikat novinarjev Slovenije (SNS)<\/strong> ob uveljavitvi <a href=\"https:\/\/novinar.com\/novica\/dns-ob-uveljavitvi-emfe-cas-je-za-zakon-o-medijih\/\">ponovno z zaskrbljenostjo opozarjamo, da Slovenija \u0161e ni implementirala dolo\u010db uredbe<\/a>.<\/p>\n<p>Ministrstvo za kulturo je kot izvedbeni zakon Emfe, ki sta jo DNS in SNS pozdravila, zasnovalo novi zakon o medijih. Vendar je zakon po \u0161tevilnih zatikanjih koalicije obti\u010dal v dr\u017eavnem zboru. Usoda temeljnega zakona za delovanje slovenskih medijev, ki nujno potrebuje prenovo, je tako \u0161e vedno nejasna, \u010deprav je vlada zatrjevala, da je prenova medijske zakonodaje ena od prioritet mandata.<\/p>\n<p>Ponavljamo, da je sprejetje novega zakona o medijih, ki sicer ni optimalen, pomembno tudi zaradi finan\u010dne pomo\u010di medijem. Ta je klju\u010dna za delovna mesta ter delovne pogoje novinarjev in drugih delavcev v medijih, ki so za mnoge \u0161e vedno dale\u010d od dostojnih. Zakon naslavlja tudi medijsko koncentracijo, ve\u010djo transparentnost lastni\u0161tva medijev in dr\u017eavno ogla\u0161evanje, s \u010dimer odgovarja na nekatera klju\u010dna dolo\u010dila Emfe. Izpostavljamo, da zavla\u010devanje z implementacijo akta pomeni neposredno spodkopavanje prizadevanj za bolj varno in neodvisno novinarsko delo!<\/p>\n<p>Hkrati pa v DNS in SNS opozarjamo, da zakon nekaterih vidikov akta ne pokriva. Mediji si denimo \u017eelijo za\u0161\u010dite pred samovoljnim odstranjevanjem vsebin velikih spletnih platform, na kar naj bi Emfa delno odgovorila. Kak\u0161en bo ta postopek in kako se bo izvajal v Sloveniji, \u0161e ni jasno. Nesprejemljivo se nam zdi tudi, da sta v predalu pristojnega ministrstva obti\u010dala predlog zakona o STA in predlog novele zakona o RTVS, ki bi morala urediti delovanje javnih medijev. To le potrjuje, da so bile obljube vlade o prenovi medijske zakonodaje predvsem visokolete\u010de besede.<\/p>\n<p>&nbsp;<\/p>","protected":false},"excerpt":{"rendered":"<p>Evropski akt o svobodi medijev (Emfa), ki bo v celoti za\u010del veljati 8. avgusta, je pomemben mehanizem za za\u0161\u010dito uredni\u0161ke neodvisnosti. Dru\u0161tvo novinarjev Slovenije (DNS) in Sindikat novinarjev Slovenije (SNS) ob uveljavitvi ponovno z zaskrbljenostjo opozarjamo, da Slovenija \u0161e ni implementirala dolo\u010db uredbe. Ministrstvo za kulturo je kot izvedbeni zakon Emfe, ki sta jo DNS in SNS pozdravila, zasnovalo novi zakon o medijih. Vendar je zakon po \u0161tevilnih zatikanjih koalicije obti\u010dal v dr\u017eavnem zboru. Usoda temeljnega zakona za delovanje slovenskih medijev, ki nujno potrebuje prenovo, je tako \u0161e vedno nejasna, \u010deprav je vlada zatrjevala, da je prenova medijske zakonodaje ena od prioritet mandata. Ponavljamo, da je sprejetje novega zakona o medijih, ki sicer ni optimalen, pomembno tudi zaradi finan\u010dne pomo\u010di medijem. Ta je klju\u010dna za delovna mesta ter delovne pogoje novinarjev in drugih delavcev v medijih, ki so za mnoge \u0161e vedno dale\u010d od dostojnih. Zakon naslavlja tudi medijsko koncentracijo, ve\u010djo transparentnost lastni\u0161tva medijev in dr\u017eavno ogla\u0161evanje, s \u010dimer odgovarja na nekatera klju\u010dna dolo\u010dila Emfe. Izpostavljamo, da zavla\u010devanje z implementacijo akta pomeni neposredno spodkopavanje prizadevanj za bolj varno in neodvisno novinarsko delo! Hkrati pa v DNS in SNS opozarjamo, da zakon nekaterih vidikov akta ne pokriva. Mediji si denimo \u017eelijo za\u0161\u010dite pred samovoljnim odstranjevanjem vsebin velikih spletnih platform, na kar naj bi Emfa delno odgovorila. Kak\u0161en bo ta postopek in kako se bo izvajal v Sloveniji, \u0161e ni jasno. Nesprejemljivo se nam zdi tudi, da sta v predalu pristojnega ministrstva obti\u010dala predlog zakona o STA in predlog novele zakona o RTVS, ki bi morala urediti delovanje javnih medijev. To le potrjuje, da so bile obljube vlade o prenovi medijske zakonodaje predvsem visokolete\u010de besede. &nbsp;<\/p>","protected":false},"author":5,"featured_media":0,"comment_status":"closed","ping_status":"open","sticky":false,"template":"","format":"standard","meta":{"_jetpack_memberships_contains_paid_content":false,"footnotes":"","_links_to":"","_links_to_target":""},"categories":[1],"tags":[],"class_list":["post-3709","post","type-post","status-publish","format-standard","hentry","category-novice"],"jetpack_sharing_enabled":true,"jetpack_featured_media_url":"","post_mailing_queue_ids":[],"_links":{"self":[{"href":"https:\/\/sindikat-novinarjev.si\/en\/wp-json\/wp\/v2\/posts\/3709","targetHints":{"allow":["GET"]}}],"collection":[{"href":"https:\/\/sindikat-novinarjev.si\/en\/wp-json\/wp\/v2\/posts"}],"about":[{"href":"https:\/\/sindikat-novinarjev.si\/en\/wp-json\/wp\/v2\/types\/post"}],"author":[{"embeddable":true,"href":"https:\/\/sindikat-novinarjev.si\/en\/wp-json\/wp\/v2\/users\/5"}],"replies":[{"embeddable":true,"href":"https:\/\/sindikat-novinarjev.si\/en\/wp-json\/wp\/v2\/comments?post=3709"}],"version-history":[{"count":3,"href":"https:\/\/sindikat-novinarjev.si\/en\/wp-json\/wp\/v2\/posts\/3709\/revisions"}],"predecessor-version":[{"id":3718,"href":"https:\/\/sindikat-novinarjev.si\/en\/wp-json\/wp\/v2\/posts\/3709\/revisions\/3718"}],"wp:attachment":[{"href":"https:\/\/sindikat-novinarjev.si\/en\/wp-json\/wp\/v2\/media?parent=3709"}],"wp:term":[{"taxonomy":"category","embeddable":true,"href":"https:\/\/sindikat-novinarjev.si\/en\/wp-json\/wp\/v2\/categories?post=3709"},{"taxonomy":"post_tag","embeddable":true,"href":"https:\/\/sindikat-novinarjev.si\/en\/wp-json\/wp\/v2\/tags?post=3709"}],"curies":[{"name":"wp","href":"https:\/\/api.w.org\/{rel}","templated":true}]}}